{"id":2794,"date":"2022-11-28T10:14:58","date_gmt":"2022-11-28T09:14:58","guid":{"rendered":"http:\/\/baest.cz\/zveme-vas-do-pardubic-na-silnicni-konferenci-a-veletrh-8-9-9-2022\/"},"modified":"2023-02-14T12:53:11","modified_gmt":"2023-02-14T11:53:11","slug":"wir-laden-sie-zur-strassenkonferenz-und-messe-vom-8-bis-9-september-2022-nach-pardubice-ein","status":"publish","type":"post","link":"https:\/\/www.baest.cz\/de\/wir-laden-sie-zur-strassenkonferenz-und-messe-vom-8-bis-9-september-2022-nach-pardubice-ein\/","title":{"rendered":"Wir laden Sie zur Stra\u00dfenkonferenz und -messe vom 8.&nbsp;bis 9. September 2022 nach Pardubice ein!"},"content":{"rendered":"<div class=\"fusion-fullwidth fullwidth-box fusion-builder-row-1 fusion-flex-container has-pattern-background has-mask-background nonhundred-percent-fullwidth non-hundred-percent-height-scrolling\" style=\"--awb-border-radius-top-left:0px;--awb-border-radius-top-right:0px;--awb-border-radius-bottom-right:0px;--awb-border-radius-bottom-left:0px;\" ><div class=\"fusion-builder-row fusion-row fusion-flex-align-items-flex-start\" style=\"max-width:1331.2px;margin-left: calc(-4% \/ 2 );margin-right: calc(-4% \/ 2 );\"><div class=\"fusion-layout-column fusion_builder_column fusion-builder-column-0 fusion_builder_column_1_1 1_1 fusion-flex-column\" style=\"--awb-bg-size:cover;--awb-width-large:100%;--awb-margin-top-large:0px;--awb-spacing-right-large:1.92%;--awb-margin-bottom-large:20px;--awb-spacing-left-large:1.92%;--awb-width-medium:100%;--awb-order-medium:0;--awb-spacing-right-medium:1.92%;--awb-spacing-left-medium:1.92%;--awb-width-small:100%;--awb-order-small:0;--awb-spacing-right-small:1.92%;--awb-spacing-left-small:1.92%;\"><div class=\"fusion-column-wrapper fusion-column-has-shadow fusion-flex-justify-content-flex-start fusion-content-layout-column\"><div class=\"fusion-text fusion-text-1\"><p>Die Hauptthemen der Konferenz werden die Entwicklung und Finanzierung der Verkehrsinfrastruktur in der Region Ostb\u00f6hmen in den kommenden Jahren im Hinblick auf die Strategie des Verkehrsministeriums, der Verkehrsknotenpunkt Pardubice, die Stra\u00dfenverwaltung und die Verkehrsdienste des Ostens sein Region B\u00f6hmen, die wichtigsten Geb\u00e4ude der Region Pardubice, die Zukunft des regionalen Schienen- und Wasserverkehrs und die Modernisierung des Flughafens in Pardubice. Die Konferenz richtet sich an Vertreter der Landes- und Kommunalverwaltung, Vertreter der interessierten \u00d6ffentlichkeit aus dem Verkehrsbereich und weitere Interessierte aus der Wirtschaft.<\/p>\n<p><strong>Ort:<\/strong><\/p>\n<p>09.08.2022, Beginn 12 Uhr<br \/>\nKongresszentrum<br \/>\nSchloss Pardubice, 3. Stock<br \/>\nMasarykovo n\u00e1m. 2709<br \/>\nPardubitz, 53002<\/p>\n<p><strong>09.09.2022, Beginn 09:00 Uhr<\/strong><br \/>\n<strong>Bereich Verwaltung und Instandhaltung von Stra\u00dfen der Region Pardubice<\/strong><br \/>\nDoubravice 98,<br \/>\nPardubitz, 533&nbsp;53<\/p>\n<\/div><\/div><\/div><\/div><\/div>\n","protected":false},"excerpt":{"rendered":"","protected":false},"author":3,"featured_media":2795,"comment_status":"closed","ping_status":"closed","sticky":false,"template":"","format":"standard","meta":{"_monsterinsights_skip_tracking":false,"_monsterinsights_sitenote_active":false,"_monsterinsights_sitenote_note":"","_monsterinsights_sitenote_category":0,"footnotes":""},"categories":[31],"tags":[],"class_list":["post-2794","post","type-post","status-publish","format-standard","has-post-thumbnail","hentry","category-unkategorisiert"],"_links":{"self":[{"href":"https:\/\/www.baest.cz\/de\/wp-json\/wp\/v2\/posts\/2794","targetHints":{"allow":["GET"]}}],"collection":[{"href":"https:\/\/www.baest.cz\/de\/wp-json\/wp\/v2\/posts"}],"about":[{"href":"https:\/\/www.baest.cz\/de\/wp-json\/wp\/v2\/types\/post"}],"author":[{"embeddable":true,"href":"https:\/\/www.baest.cz\/de\/wp-json\/wp\/v2\/users\/3"}],"replies":[{"embeddable":true,"href":"https:\/\/www.baest.cz\/de\/wp-json\/wp\/v2\/comments?post=2794"}],"version-history":[{"count":0,"href":"https:\/\/www.baest.cz\/de\/wp-json\/wp\/v2\/posts\/2794\/revisions"}],"wp:featuredmedia":[{"embeddable":true,"href":"https:\/\/www.baest.cz\/de\/wp-json\/wp\/v2\/media\/2795"}],"wp:attachment":[{"href":"https:\/\/www.baest.cz\/de\/wp-json\/wp\/v2\/media?parent=2794"}],"wp:term":[{"taxonomy":"category","embeddable":true,"href":"https:\/\/www.baest.cz\/de\/wp-json\/wp\/v2\/categories?post=2794"},{"taxonomy":"post_tag","embeddable":true,"href":"https:\/\/www.baest.cz\/de\/wp-json\/wp\/v2\/tags?post=2794"}],"curies":[{"name":"wp","href":"https:\/\/api.w.org\/{rel}","templated":true}]}}